{"id":108,"date":"2020-09-09T21:22:14","date_gmt":"2020-09-09T19:22:14","guid":{"rendered":"https:\/\/jacherenumerique.com\/?p=108"},"modified":"2023-03-02T21:22:51","modified_gmt":"2023-03-02T20:22:51","slug":"article-22-chers-amishs","status":"publish","type":"post","link":"https:\/\/jacherenumerique.com\/index.php\/2020\/09\/09\/article-22-chers-amishs\/","title":{"rendered":"ARTICLE 22 : Chers amishs,"},"content":{"rendered":"\n<p><strong>J\u2019ai particip\u00e9, \u00e0 Bonn en novembre 1983,<\/strong>&nbsp;lors d\u2019un sommet franco-allemand,&nbsp;<strong>aux pr\u00e9mices des t\u00e9l\u00e9communications mobiles cellulaires num\u00e9riques dites \u00ab&nbsp;2G&nbsp;\u00bb, pour seconde g\u00e9n\u00e9ration. Il s\u2019agissait de remplacer la \u00ab&nbsp;1G&nbsp;\u00bb qui \u00e9tait une technique de transmission non pas num\u00e9rique mais analogique (comme le Radiocom 2000).&nbsp;<\/strong>Avec la \u00ab&nbsp;3G&nbsp;\u00bb les donn\u00e9es sont apparues, v\u00e9hicul\u00e9es sur des canaux s\u00e9par\u00e9s de la voix. A partir de la \u00ab&nbsp;4G&nbsp;\u00bb la voix et les donn\u00e9es internet sont transport\u00e9es par les m\u00eames tuyaux. La \u00ab&nbsp;5G&nbsp;\u00bb est aujourd\u2019hui une r\u00e9alit\u00e9 dans le monde, avec des exp\u00e9rimentations en cours, tant au plan de l\u2019organisation technique que des services offerts, et avec dans certains pays un d\u00e9but d\u2019exploitation commerciale. La technologie suivante, la \u00ab&nbsp;6G&nbsp;\u00bb, est d\u00e9j\u00e0 en pr\u00e9paration.<\/p>\n\n\n\n<p>Jusqu\u2019\u00e0 pr\u00e9sent les t\u00e9l\u00e9communications mobiles n\u2019ont jamais eu un tel succ\u00e8s m\u00e9diatique en France. La 5G&nbsp;est en ce moment la star des m\u00e9dias, avec des ench\u00e8res d&rsquo;attribution des premi\u00e8res fr\u00e9quences qu\u2019elle va utiliser.<\/p>\n\n\n\n<p>Cette sur-m\u00e9diatisation est aliment\u00e9e par un d\u00e9ploiement de verve politique allant jusqu\u2019\u00e0 utiliser&nbsp;la population Amish comme punching ball, sur fond de crainte pour la sant\u00e9 et l\u2019environnement du fait des ondes, de la multiplication des antennes et de la consommation d\u2019\u00e9nergie. Les demandes de moratoire ont \u00e9t\u00e9 refus\u00e9es par l\u2019Ex\u00e9cutif au nom de la n\u00e9cessit\u00e9 sup\u00e9rieure d\u2019innover et en s\u2019appuyant sur une compilation faite par un collectif de 5 entit\u00e9s administratives sur&nbsp;<strong>la situation de la 5G dans 26 pays et sur&nbsp;<\/strong>l\u2019absence de risques av\u00e9r\u00e9s pour la sant\u00e9. Ce rapport, relevant le retard de la France, met en avant les enjeux de comp\u00e9titivit\u00e9 pour l\u2019\u00e9conomie et constate qu\u2019aucune&nbsp;concertation citoyenne nationale sp\u00e9cifiquement d\u00e9di\u00e9e \u00e0 la 5G&nbsp;n\u2019a eu lieu dans d\u2019autres pays.<\/p>\n\n\n\n<p>Les&nbsp;deux instances au c\u0153ur depuis 30 ans de la comp\u00e9tence publique en t\u00e9l\u00e9communications mobiles (l\u2019ARCEP et l\u2019ANFR) sont particuli\u00e8rement discr\u00e8tes, s\u2019en tenant \u00e0 des contributions techniques.&nbsp;<\/p>\n\n\n\n<p>Les questions d\u2019am\u00e9nagement du territoire n\u2019apparaissent pas dans les d\u00e9bats sauf indirectement. Par exemple, il est \u00e9crit que \u00ab&nbsp;la priorit\u00e9 doit \u00eatre la fin des zones blanches et non le d\u00e9ploiement de la 5G&nbsp;\u00bb. De fait la 5G, pourtant technologie d\u2019infrastructure territoriale, n\u2019est jamais pr\u00e9sent\u00e9e comme telle. On ne parle jamais de g\u00e9ographie en France comme cela a \u00e9t\u00e9 d\u00e9crypt\u00e9 dans mon article&nbsp;21&nbsp;: \u00ab&nbsp;La g\u00e9ographie : la clef des batailles du num\u00e9rique&nbsp;\u00bb,&nbsp;<a href=\"https:\/\/jacherenumerique.com\/?p=220\"><em>https:\/\/jacherenumerique.com\/?p=220<\/em><\/a><em>&nbsp;<\/em>.<\/p>\n\n\n\n<p><strong>Pourtant cette\u00a0<\/strong>sur-m\u00e9diatisation autour de la 5G\u00a0arrive apr\u00e8s que la pand\u00e9mie a r\u00e9v\u00e9l\u00e9 au grand jour ce que je\u00a0d\u00e9cris en d\u00e9tail, depuis d\u00e9but 2019, dans mon blog, \u00e0 savoir\u00a0l\u2019importance des jach\u00e8res num\u00e9riques install\u00e9es en France.<\/p>\n\n\n<div class=\"wp-block-image\">\n<figure class=\"aligncenter size-full\"><img loading=\"lazy\" decoding=\"async\" width=\"279\" height=\"208\" src=\"https:\/\/jacherenumerique.com\/wp-content\/uploads\/2023\/03\/Sans-titre-17.png\" alt=\"\" class=\"wp-image-107\"\/><\/figure>\n<\/div>\n\n\n<p>J\u2019insiste sur le fait que la 5G n\u2019est pas une simple migration d\u2019outils techniques mais bel et bien un ensemble de ruptures dans l\u2019organisation et l\u2019exploitation des antennes comme dans la conception des services.<\/p>\n\n\n\n<p>La 5G transporte les d\u00e9bits de donn\u00e9es Internet avec une vitesse au moins 10 fois plus rapide qu\u2019avec la 4G. La 5G permet ainsi aux utilisateurs de t\u00e9l\u00e9charger rapidement de gros fichiers, comme des films, et aux op\u00e9rateurs de d\u00e9congestionner les r\u00e9seaux 4G.<\/p>\n\n\n\n<p>Avec la 5G, les temps de latence, \u00e0 savoir les d\u00e9lais de connexion et de r\u00e9ponse lors des \u00e9changes de donn\u00e9es, sont raccourcis. Cela permet le d\u00e9veloppement en nombre d\u2019objets connect\u00e9s \u00e0 faible volume de trafic mais n\u00e9cessitant un rythme \u00e9lev\u00e9 d\u2019\u00e9change d\u2019informations. Ces communications entre objets et machines sont la base d\u2019automatisations, robotisations et commandes \u00e0 distance en tout genre pour la production, les transports, la gestion des b\u00e2timents, la logistique ou la s\u00e9curit\u00e9.<\/p>\n\n\n\n<p>La 5G va utiliser au d\u00e9part des blocs de fr\u00e9quences (les \u00ab&nbsp;3,5 GHz&nbsp;\u00bb, de 3,4 \u00e0 3,8 GHz) de cat\u00e9gorie habituellement utilis\u00e9e en t\u00e9l\u00e9communications mobiles. Ce sont des blocs de fr\u00e9quence de ce type qui vont \u00eatre mis aux ench\u00e8res. Mais la 5G utilisera aussi des bandes de fr\u00e9quences plus hautes, les bandes millim\u00e9triques des \u00ab&nbsp;26 GHz&nbsp;\u00bb de 24,25&nbsp;\u00e0 27,5 GHz.&nbsp;. Qui dit&nbsp;fr\u00e9quence plus haute, dit port\u00e9e des ondes plus courtes, sensibilit\u00e9 aux obstacles plus forte et multiplication du nombre d\u2019antennes.<\/p>\n\n\n\n<p>Avec la 5G, l\u2019ing\u00e9nierie des antennes est profond\u00e9ment modifi\u00e9e par le recours \u00e0 plus d\u2019outils logiciels pour assurer les fonctions de pilotage des trafics et de configuration des zones de propagation des signaux,&nbsp;avec des antennes plus directionnelles. Ainsi avec la 5G, une \u00e9tape suppl\u00e9mentaire est franchie&nbsp;dans la virtualisation des r\u00e9seaux. Les capacit\u00e9s d\u2019\u00e9coulement des trafics et les d\u00e9finitions des surfaces couvertes seront ajust\u00e9es en permanence au gr\u00e9 de crit\u00e8res propres aux op\u00e9rateurs.<\/p>\n\n\n\n<p>Face \u00e0 ces ruptures, la sur-m\u00e9diatisation actuelle laisse dans l\u2019ombre des points strat\u00e9giques aux cons\u00e9quences majeures pour les citoyens et l\u2019am\u00e9nagement du territoire.<\/p>\n\n\n\n<p>1)&nbsp;Les d\u00e9bats sur la 5G passent totalement sous silence<strong>&nbsp;<\/strong>la fragilit\u00e9 rampante et croissante qui touche, dans l\u2019indiff\u00e9rence g\u00e9n\u00e9rale, la t\u00e9l\u00e9phonie&nbsp;vocale. L\u2019avenir de cette invention humaine essentielle et universelle cr\u00e9\u00e9e il y a plus de 100 ans est compromis par&nbsp;:<\/p>\n\n\n\n<p>&#8211; la disparition en cours des r\u00e9seaux filaires en cuivre&nbsp;;<\/p>\n\n\n\n<p>&#8211; la nouvelle d\u00e9pendance \u00e0 l\u2019\u00e9lectricit\u00e9 du t\u00e9l\u00e9phone fixe devenu de la \u00ab&nbsp;voix sous IP&nbsp;\u00bb, \u00e0 savoir de la t\u00e9l\u00e9phonie derri\u00e8re une box ADSL ou fibre optique&nbsp;;&nbsp;<\/p>\n\n\n\n<p>&#8211; le transport de la voix et des donn\u00e9es par le m\u00eame canal internet.<\/p>\n\n\n\n<p>Une conversation t\u00e9l\u00e9phonique ne repr\u00e9sente que des volumes modestes d\u2019information et n\u2019exige que des vitesses lentes de transmission. La t\u00e9l\u00e9phonie ne tire aucun avantage des nouvelles performances techniques de la 5G et les risques de broyage de la voix dans les flux de donn\u00e9es internet ne peuvent qu\u2019augmenter.<\/p>\n\n\n\n<p>La t\u00e9l\u00e9phonie est par essence un outils num\u00e9rique simple \u00e0 utiliser. Sa fragilisation favorise l\u2019illectronisme. Il y a urgence \u00e0 prendre conscience de la menace qui p\u00e8se sur cette invention humaine essentielle&nbsp;: la t\u00e9l\u00e9phonie, fixe comme mobile, est \u00e0 sauver.<\/p>\n\n\n\n<p>2)&nbsp;<strong>Rien n\u2019est dit sur les migrations d\u2019infrastructures mobiles de g\u00e9n\u00e9rations pr\u00e9c\u00e9dentes (notamment 2G et 3G ou 4G) ou sur les abandons des transmissions hertziennes fixes, alternatives aux r\u00e9seaux filaires, utilis\u00e9es en zones rurales (par exemple le WiMax utilisant des blocs de fr\u00e9quences bascul\u00e9s sur la 5G). Or ces arr\u00eats d\u2019infrastructures ont des cons\u00e9quences lourdes pour les citoyens qui doivent changer d\u2019abonnement aupr\u00e8s des op\u00e9rateurs, d\u2019\u00e9quipement terminal et d\u2019applications. Un tel non-dit est d\u2019autant plus grave qu\u2019en France le secteur des t\u00e9l\u00e9communications mobiles ne donne pas lieu \u00e0 une gouvernance publique consolid\u00e9e, toutes techniques confondues. Au contraire, le pilotage public consiste \u00e0 empiler administrativement les licences s\u00e9par\u00e9es, g\u00e9n\u00e9ration technique par g\u00e9n\u00e9ration technique.<\/strong><strong><\/strong><\/p>\n\n\n\n<p>3)&nbsp;Sous la pression explicite des op\u00e9rateurs, l\u2019\u00c9tat fait sien l\u2019urgence d\u2019attribution des licences 5G, en r\u00e9futant notamment tout id\u00e9e de moratoire. Pourtant&nbsp;la 5G va encore \u00e9voluer pendant quelques ann\u00e9es avant que ses composantes et outils t<strong>echniques offerts par les \u00e9quipementiers, les v\u00e9ritables innovateurs du secteur, ne se stabilisent.<\/strong><strong><\/strong><\/p>\n\n\n\n<p>L\u2019\u00c9tat justifie sa d\u00e9cision par le retard de la France dans l\u2019attribution des licences 5G et par le double besoin de soutenir l\u2019\u00e9conomie num\u00e9rique et l\u2019innovation. Mais en v\u00e9rit\u00e9, l\u2019innovation et l\u2019offre de nouveaux services, qui ne peuvent \u00eatre que lentes et progressives, n\u2019int\u00e9ressent pas prioritairement les op\u00e9rateurs. C\u2019est l\u2019augmentation de la capacit\u00e9 de leurs infrastructures permise par la 5G qui les motivent, les r\u00e9seaux 4G atteignant la saturation dans les villes sous la pression de la croissance rapide des trafics.<\/p>\n\n\n\n<p>L\u2019urgence d\u2019investissement d\u2019infrastructure 5G pour le soutien \u00e0 l\u2019\u00e9conomie num\u00e9rique nationale est sans consistance car&nbsp;il&nbsp;n\u2019y a plus d\u2019\u00e9quipementiers de t\u00e9l\u00e9communications en France depuis la d\u00e9b\u00e2cle du&nbsp;fleuron mondial de la t\u00e9l\u00e9phonie fixe et mobile des ann\u00e9es 70 et 80, ALCATEL. Les derniers europ\u00e9ens sont d\u00e9sormais les scandinaves ERICSSON et NOKIA. Il n\u2019y a plus en France de synergie directe entre investissements d\u2019infrastructure et emplois chez les \u00e9quipementiers. Pour la 5G, l\u2019\u00c9tat se mobilise en faveur des int\u00e9r\u00eats des op\u00e9rateurs mais est muet sur la suppression d\u2019emplois en cours chez NOKIA qui a annonc\u00e9 la suppression en France de plus de 1200 postes de travail, dont pourtant 80% sont des activit\u00e9s d\u2019innovation puisque de recherche.<\/p>\n\n\n\n<p>4)&nbsp;Il n\u2019est pas assez dit que ce qui motive les op\u00e9rateurs \u00e0 vouloir disposer rapidement des fr\u00e9quences 5G ne sont pas les march\u00e9s de services mobiles au grand public, comme avec la 3G ou la 4G. Ce sont les march\u00e9s professionnels d\u2019automatisation des activit\u00e9s productives en usines&nbsp;ou dans les zones de services comme les ports, les a\u00e9roports ou la logistique.<\/p>\n\n\n\n<p>&nbsp;Il s\u2019agira d\u2019ailleurs en partie de r\u00e9seaux 5G priv\u00e9s.&nbsp;<\/p>\n\n\n\n<p>La demande des grands comptes et l\u2019offre sur mesure constituent le c\u0153ur de la rentabilit\u00e9 du m\u00e9tier d\u2019op\u00e9rateur. L\u2019innovation s\u2019y construit au fil du temps entre op\u00e9rateurs et grands comptes, partenaires sur un pied d\u2019\u00e9galit\u00e9 dans ces cultures techniques. Les enjeux soci\u00e9taux vis-\u00e0-vis du progr\u00e8s technologique sont ceux de l\u2019automatisation et de la num\u00e9risation du travail. Il n\u2019y a pas de r\u00e9sonnance directe vis-\u00e0-vis des questions d\u2019am\u00e9nagement du territoire, a fortiori vis-\u00e0-vis du monde rural.<\/p>\n\n\n\n<p>5)&nbsp;En t\u00e9l\u00e9communications, l\u2019innovation sur les march\u00e9s de grande diffusion qui concerne les individus et les petits professionnels, PME, TPE, artisans ou prestataires de services, rel\u00e8ve d\u2019initiatives prises exclusivement par l\u2019offre. La construction des r\u00e9seaux est lente et progressive. Elle est un pr\u00e9alable \u00e0 la cr\u00e9ation des services et de la demande et rel\u00e8ve d\u2019un processus entre les mains exclusives des op\u00e9rateurs et de leur autofinancement. L\u2019utilisateur final sur les march\u00e9s num\u00e9riques de grande diffusion est passif et suiveur. Dit autrement l\u2019urgence des op\u00e9rateurs pour les fr\u00e9quences 5G n\u2019a pas grand-chose \u00e0 voir avec les futurs nouveaux march\u00e9s de grande diffusion, destin\u00e9s aux citoyens.&nbsp;<\/p>\n\n\n\n<p>6)&nbsp;Les ruptures techniques de la 5G font fantasmer sur la potentialit\u00e9 de nouveaux services, applications et usages. Mais les cr\u00e9ations de telles innovations sont forc\u00e9ment longues et al\u00e9atoires et il y a du temps avant d\u2019obtenir des r\u00e9sultats concrets pour le citoyen et la soci\u00e9t\u00e9.<\/p>\n\n\n\n<p>Une voiture a-t-elle vraiment besoin d\u2019\u00eatre automatique voire autonome alors que de multiples contraintes d\u2019usage \u00e0 la voiture se d\u00e9veloppent&nbsp;? Quelles seraient les infrastructures n\u00e9cessaires pour une voiture connect\u00e9e alors m\u00eame que l\u2019exp\u00e9rience&nbsp;&nbsp;actuelle montre que le d\u00e9veloppement de la voiture \u00e9lectrique est illusoire sans une infrastructure cons\u00e9quente de recharge&nbsp;? Quels sont les vrais avantages de qualit\u00e9 de vie rendus par la domotique, en gestation depuis des d\u00e9cennies, alors qu\u2019elle g\u00e9n\u00e8re tout \u00e0 la fois d\u00e9pendance \u00e0 l\u2019\u00e9lectricit\u00e9, interconnexion d\u2019\u00e9quipements complexes et risque sur la vie priv\u00e9e&nbsp;?&nbsp;La 5G a-t-elle un lien avec l&rsquo;agriculture connect\u00e9e alors que la 4G permet d\u00e9j\u00e0 des applications et que ce n&rsquo;est pas demain que la 5G couvrira les zones rurales ?<\/p>\n\n\n\n<p>La t\u00e9l\u00e9m\u00e9decine 5G est-elle vraiment une solution \u00e0 port\u00e9e de main pour les d\u00e9serts m\u00e9dicaux alors que le pays se d\u00e9bat en mati\u00e8re de sant\u00e9 dans des logistiques basiques d\u2019approvisionnement de masques ou de tests&nbsp;?<\/p>\n\n\n\n<p>7)&nbsp;Les zones rurales, pour la plupart en jach\u00e8re num\u00e9rique, ne sont clairement pas le c\u0153ur de cible de la 5G. Elles n\u2019ont rien \u00e0 attendre des avantages apport\u00e9s au plan des volumes d\u2019informations transport\u00e9es. Elles ne peuvent que subir les inconv\u00e9nients de la r\u00e9duction des surfaces de couverture. D\u2019ailleurs les exp\u00e9rimentations en cours d\u2019antennes 5G en France ne concernent que les grandes villes, dont en particulier la r\u00e9gion parisienne (Cf. la liste des environ 500 sites 5G en test sur https:\/\/www.cartoradio.fr\/index.html#\/ de l\u2019ANFR).<\/p>\n\n\n\n<p>8)&nbsp;Les le\u00e7ons de l\u2019inefficacit\u00e9 du ni\u00e8me plan de rattrapage de l\u2019\u00c9tat en couverture mobile d\u2019il y a 2 ans, le New Deal, aux accents th\u00e9\u00e2traux, n\u2019ont toujours pas \u00e9t\u00e9 tir\u00e9es. Il reste fin 2020 de nombreuses zones blanches 4G. L\u2019entre-soi \u00c9tat-op\u00e9rateurs, centr\u00e9 sur le court terme et sans repr\u00e9sentation directe ou indirecte des citoyens, laisse les op\u00e9rateurs intervenir sur le territoire \u00e0 leur guise, ce qui ne constitue pas une politique d\u2019am\u00e9nagement.<\/p>\n\n\n\n<p>9) La sur-m\u00e9diatisation de la 5G et le climat de d\u00e9fiance qui l\u2019accompagne est exploit\u00e9e par les op\u00e9rateurs dans leur bras de fer avec l\u2019\u00c9tat. Ils r\u00e9futent le principe de prendre des engagements de couverture alors que l\u2019\u00c9tat ne sait pas garantir que les investissements en 5G, qu\u2019ils jugent&nbsp;&nbsp;colossaux, puissent \u00eatre faits dans de bonnes conditions.<\/p>\n\n\n\n<p>Pour conclure, la 5G est un sujet dans l\u2019air mais qui reste en France englu\u00e9 dans le \u00ab&nbsp;monde d\u2019avant&nbsp;\u00bb avec&nbsp;:<\/p>\n\n\n\n<p>&#8211; des op\u00e9rateurs qui dominent culturellement le secteur et d\u00e9fendent leurs propres int\u00e9r\u00eats sur les march\u00e9s professionnels et urbains les plus rentables&nbsp;;<\/p>\n\n\n\n<p>&#8211; un \u00c9tat qui empile les licences et plans r\u00e9sultant de n\u00e9gociations ferm\u00e9es avec les op\u00e9rateurs, sans participation strat\u00e9gique des collectivit\u00e9s territoriales.<\/p>\n\n\n\n<p><strong>Si la 5G peut \u00eatre un domaine d\u2019innovation utile au citoyen, ce n\u2019est pas au niveau de l\u2019offre technique puisque la France ne s\u2019est jamais remise de ses d\u00e9boires du Plan Calcul des ann\u00e9es 60. S\u2019il peut y avoir innovation c\u2019est sur le pilotage public des couvertures en r\u00e9seaux de t\u00e9l\u00e9communications mobiles.<\/strong><strong><\/strong><\/p>\n\n\n\n<p><strong>Pour que la 5G ne devienne pas un domaine de profondes in\u00e9galit\u00e9s et de tensions sociales, il faut traiter de mani\u00e8re urgente l\u2019am\u00e9nagement num\u00e9rique de tout le territoire&nbsp;fran\u00e7ais et&nbsp;:<\/strong><strong><\/strong><\/p>\n\n\n\n<p><strong>&#8211; r\u00e9soudre la question du financement des infrastructures mobiles hors des zones denses&nbsp;;<\/strong><strong><\/strong><\/p>\n\n\n\n<p><strong>&#8211; mettre fin \u00e0 l\u2019actuel huit clos \u00c9tat-op\u00e9rateurs seulement centr\u00e9 sur des questions techniques, comme l\u2019acc\u00e8s aux fr\u00e9quences et l\u2019organisation concurrentielle de l\u2019offre&nbsp;;<\/strong><strong><\/strong><\/p>\n\n\n\n<p><strong>&#8211; faire r\u00e9ellement de la planification des r\u00e9seaux en int\u00e9grant le r\u00f4le des collectivit\u00e9s territoriales.&nbsp;<\/strong><strong><\/strong><\/p>\n\n\n\n<p><strong>Cette ouverture vers plus de compr\u00e9hension pour les citoyens et plus de participation des collectivit\u00e9s territoriales est d\u2019autant plus n\u00e9cessaire que les r\u00e9seaux mobiles sont le support structurant, notamment au plan g\u00e9ographique, d\u2019offres de services num\u00e9riques dor\u00e9navant essentiels et concernant la sant\u00e9, les \u00e9conomies d\u2019\u00e9nergie, la protection de l\u2019environnement, les libert\u00e9s individuelles et la s\u00e9curit\u00e9.&nbsp;<\/strong><strong><\/strong><\/p>\n\n\n\n<p>Ne faudrait-il pas finalement aborder la technologie 5G un peu \u00e0 la mani\u00e8re des Amishs&nbsp;qui, \u00e0 y regarder s\u00e9rieusement, ne&nbsp;d\u00e9testent pas les technologies mais sont seulement s\u00e9lectifs dans leur choix et leur mani\u00e8re de les int\u00e9grer&nbsp;?<\/p>\n\n\n\n<p>Les Amishs, lorsqu\u2019une innovation technique arrive jusqu\u2019\u00e0 eux, prennent le temps de solliciter les conseils des anciens et de l\u2019examiner attentivement. Ensuite la communaut\u00e9\u0301 vote, en fonction de certains principes directeurs. S\u2019ils ont proscrit les t\u00e9l\u00e9viseurs ou les v\u00e9hicules motoris\u00e9s, ils ont adopt\u00e9\u0301 l\u2019\u00e9clairage au propane, les r\u00e9frig\u00e9rateurs, les outils pneumatiques. Ils utilisent les t\u00e9l\u00e9phones portables pour leurs communications essentielles et Internet pour leurs communications externes. En fait, ils s\u2019adaptent \u00e0 la technologie en conciliant les valeurs de leur culture, de leurs principes de vie et de leurs besoins de liens sociaux avec les avantages procur\u00e9s par les techniques de pointe.<\/p>\n\n\n\n<p><strong>La mani\u00e8re dont la 5G et bient\u00f4t la 6G doivent se conjuguer avec l\u2019am\u00e9nagement num\u00e9rique du territoire est un sujet urgent de&nbsp;<\/strong>plan&nbsp;et de prospective qui doit mettre \u00e0 jour les valeurs qui nous rassemblent.<\/p>\n","protected":false},"excerpt":{"rendered":"<p>J\u2019ai particip\u00e9, \u00e0 Bonn en novembre 1983,&nbsp;lors d\u2019un sommet franco-allemand,&nbsp;aux pr\u00e9mices des t\u00e9l\u00e9communications mobiles cellulaires num\u00e9riques dites \u00ab&nbsp;2G&nbsp;\u00bb, pour seconde g\u00e9n\u00e9ration. Il s\u2019agissait de remplacer la \u00ab&nbsp;1G&nbsp;\u00bb qui \u00e9tait une technique de transmission non pas num\u00e9rique mais analogique (comme le Radiocom 2000).&nbsp;Avec la \u00ab&nbsp;3G&nbsp;\u00bb les donn\u00e9es sont apparues, v\u00e9hicul\u00e9es sur des canaux s\u00e9par\u00e9s de la &hellip; <a href=\"https:\/\/jacherenumerique.com\/index.php\/2020\/09\/09\/article-22-chers-amishs\/\" class=\"more-link\">Continuer la lecture de <span class=\"screen-reader-text\">ARTICLE 22 : Chers amishs,<\/span><\/a><\/p>\n","protected":false},"author":1,"featured_media":0,"comment_status":"closed","ping_status":"closed","sticky":false,"template":"","format":"standard","meta":{"footnotes":""},"categories":[1],"tags":[],"class_list":["post-108","post","type-post","status-publish","format-standard","hentry","category-non-classe"],"_links":{"self":[{"href":"https:\/\/jacherenumerique.com\/index.php\/wp-json\/wp\/v2\/posts\/108","targetHints":{"allow":["GET"]}}],"collection":[{"href":"https:\/\/jacherenumerique.com\/index.php\/wp-json\/wp\/v2\/posts"}],"about":[{"href":"https:\/\/jacherenumerique.com\/index.php\/wp-json\/wp\/v2\/types\/post"}],"author":[{"embeddable":true,"href":"https:\/\/jacherenumerique.com\/index.php\/wp-json\/wp\/v2\/users\/1"}],"replies":[{"embeddable":true,"href":"https:\/\/jacherenumerique.com\/index.php\/wp-json\/wp\/v2\/comments?post=108"}],"version-history":[{"count":1,"href":"https:\/\/jacherenumerique.com\/index.php\/wp-json\/wp\/v2\/posts\/108\/revisions"}],"predecessor-version":[{"id":109,"href":"https:\/\/jacherenumerique.com\/index.php\/wp-json\/wp\/v2\/posts\/108\/revisions\/109"}],"wp:attachment":[{"href":"https:\/\/jacherenumerique.com\/index.php\/wp-json\/wp\/v2\/media?parent=108"}],"wp:term":[{"taxonomy":"category","embeddable":true,"href":"https:\/\/jacherenumerique.com\/index.php\/wp-json\/wp\/v2\/categories?post=108"},{"taxonomy":"post_tag","embeddable":true,"href":"https:\/\/jacherenumerique.com\/index.php\/wp-json\/wp\/v2\/tags?post=108"}],"curies":[{"name":"wp","href":"https:\/\/api.w.org\/{rel}","templated":true}]}}