{"id":95,"date":"2020-03-02T19:39:18","date_gmt":"2020-03-02T18:39:18","guid":{"rendered":"https:\/\/jacherenumerique.com\/?p=95"},"modified":"2023-03-02T19:39:40","modified_gmt":"2023-03-02T18:39:40","slug":"article-18-la-5g-une-bombe-a-fragmentations","status":"publish","type":"post","link":"https:\/\/jacherenumerique.com\/index.php\/2020\/03\/02\/article-18-la-5g-une-bombe-a-fragmentations\/","title":{"rendered":"ARTICLE 18 : La 5G\u00a0: une bombe \u00e0 fragmentations"},"content":{"rendered":"\n<p>Dans mon article pr\u00e9c\u00e9dent, j\u2019alertais sur les multiples changements que la 5G exige en mati\u00e8re d\u2019am\u00e9nagement du territoire, de pilotage des couvertures g\u00e9ographiques et de maintien en France de missions de service public dont les zones rurales ont besoin. Alors que le r\u00e9gulateur, l\u2019ARCEP, vient de lancer aupr\u00e8s des op\u00e9rateurs son appel \u00e0 candidatures pour l\u2019attribution des fr\u00e9quences hertziennes utilis\u00e9es par la 5G, j\u2019insistais sur l\u2019urgence de faire sur le sujet un d\u00e9bat d\u00e9mocratique national pour se mettre d\u2019accord sur la cr\u00e9ation d\u2019une organisation disruptive de planification des r\u00e9seaux de communication mobile.<\/p>\n\n\n<div class=\"wp-block-image\">\n<figure class=\"aligncenter size-full is-resized\"><img loading=\"lazy\" decoding=\"async\" src=\"https:\/\/jacherenumerique.com\/wp-content\/uploads\/2023\/03\/Sans-titre-13.png\" alt=\"\" class=\"wp-image-94\" width=\"277\" height=\"277\" srcset=\"https:\/\/jacherenumerique.com\/wp-content\/uploads\/2023\/03\/Sans-titre-13.png 554w, https:\/\/jacherenumerique.com\/wp-content\/uploads\/2023\/03\/Sans-titre-13-300x300.png 300w, https:\/\/jacherenumerique.com\/wp-content\/uploads\/2023\/03\/Sans-titre-13-150x150.png 150w\" sizes=\"auto, (max-width: 277px) 100vw, 277px\" \/><\/figure>\n<\/div>\n\n\n<p>Cette urgence s\u2019impose en raison des ruptures d\u2019architecture des r\u00e9seaux qu\u2019implique la 5G et du processus unilat\u00e9ral actuel de choix des zones b\u00e9n\u00e9ficiant de l\u2019acc\u00e8s aux r\u00e9seaux mobiles, processus qui est encore, en France, je le dis souvent, bien trop autoritaire, opaque et autocentr\u00e9 sur les seuls int\u00e9r\u00eats des op\u00e9rateurs.<\/p>\n\n\n\n<p>Ce changement du mode de planification g\u00e9ographique des r\u00e9seaux mobiles est d\u2019autant plus n\u00e9cessaire que :<\/p>\n\n\n\n<ul class=\"wp-block-list\">\n<li>la 5G arrive alors que les couvertures mobiles en 3G et 4G sont encore tr\u00e8s insuffisamment d\u00e9ploy\u00e9es en France, avec beaucoup de trous de couverture ;<\/li>\n\n\n\n<li>&nbsp;le pays traverse un contexte de grande fragilit\u00e9 politique sur fond de creusement des in\u00e9galit\u00e9s et de mont\u00e9e des antagonismes&nbsp;;<\/li>\n\n\n\n<li>la 5G est potentiellement porteuse d\u2019incompr\u00e9hension, de&nbsp;fragmentation et de discrimination territoriale et sociale fortes&nbsp;;<\/li>\n\n\n\n<li>les citoyens ne disposent pas, dans leur immense majorit\u00e9, d\u2019une culture avanc\u00e9e sur les subtilit\u00e9s des techniques hertziennes d\u2019autant plus complexes \u00e0 comprendre qu\u2019elles sont invisibles.<\/li>\n<\/ul>\n\n\n\n<p>La persistance du mode actuel de d\u00e9cision centr\u00e9 sur les op\u00e9rateurs est d\u2019ailleurs contraire \u00e0 leurs int\u00e9r\u00eats. Sans rupture dans le mode de choix des couvertures territoriales :<\/p>\n\n\n\n<ul class=\"wp-block-list\">\n<li>les craintes environnementales, anciennes et compr\u00e9hensibles, anti-antennes&nbsp;seront attis\u00e9es ;<\/li>\n\n\n\n<li>les nouvelles frondes et p\u00e9titions sp\u00e9cifiquement anti 5G qui apparaissent depuis 2 ans, au pr\u00e9texte des risques sur la sant\u00e9, se d\u00e9velopperont.<\/li>\n<\/ul>\n\n\n\n<p>Pour d\u00e9miner les risques d\u2019une mauvaise planification territoriale des r\u00e9seaux mobiles 5G qui handicaperait le d\u00e9veloppement des territoires ruraux, je propose que soient travaill\u00e9es en priorit\u00e9 les 9 th\u00e8mes qui suivent.<\/p>\n\n\n\n<h2 class=\"wp-block-heading\">1)&nbsp;&nbsp;&nbsp;&nbsp;&nbsp;Comment faire une planification fine et transparente des couvertures de t\u00e9l\u00e9communications mobiles&nbsp;?<\/h2>\n\n\n\n<p>Il faut ouvrir le jeu des acteurs en identifiant parfaitement leurs fonctions&nbsp;: qui \u00e9tudie, qui d\u00e9cide, qui planifie et qui contr\u00f4le le plan d\u2019occupation des sols accessibles avec un terminal 5G&nbsp;?<\/p>\n\n\n\n<p>Le passage \u00e0 la 5G va engendrer une d\u00e9construction substantielle des architectures des r\u00e9seaux. En effet la 5G fait appel \u00e0 de nouvelles fr\u00e9quences d\u2019ondes hertziennes dont les caract\u00e9ristiques de propagation sont diff\u00e9rentes de celles des r\u00e9seaux 3G ou 4G. Les zones de couverture autour des pyl\u00f4nes pr\u00e9existants risquent d\u2019\u00eatre modifi\u00e9es. La 5G utilise des fr\u00e9quences plus \u00e9lev\u00e9es et les surfaces de couverture peuvent \u00e0 la fois \u00eatre plus petites (avec des distances de propagation plus courtes) et avoir des formes diff\u00e9rentes (avec des antennes d\u2019\u00e9mission\/r\u00e9ception plus directives). Le nombre de stations de base ou pyl\u00f4nes va augmenter avec des risques incontestables pour l\u2019environnement.&nbsp;<\/p>\n\n\n\n<h2 class=\"wp-block-heading\">2)&nbsp;&nbsp;&nbsp;&nbsp;&nbsp;Comment est assur\u00e9 l\u2019avenir du service universel de l\u2019historique t\u00e9l\u00e9phonie vocale&nbsp;?<\/h2>\n\n\n\n<p>La 5G n\u2019apporte aucun avantage particulier pour les communications de t\u00e9l\u00e9phonie vocale en zone peu dense dont les volumes de trafic sont modestes. Dit autrement, le t\u00e9l\u00e9phone n\u2019est pas le c\u0153ur de cible de la 5G et de ses investissements. Comment alors va \u00eatre assur\u00e9e la permanence du service public de t\u00e9l\u00e9phonie vocale en zone rurale et qui va s\u2019assurer que la t\u00e9l\u00e9phonie vocale sera toujours possible en tout point du territoire national&nbsp;?<\/p>\n\n\n\n<p>Cette question est d\u2019autant plus cruciale pour les territoires ruraux que&nbsp;la 5G arrive \u00e0 une p\u00e9riode o\u00f9 :<\/p>\n\n\n\n<ul class=\"wp-block-list\">\n<li>&nbsp;la t\u00e9l\u00e9phonie fixe sur lignes filaires en cuivre \u00ab&nbsp;France T\u00e9l\u00e9com&nbsp;\u00bb n\u2019est plus commercialis\u00e9e et son support, le RTC, r\u00e9seau t\u00e9l\u00e9phonique commut\u00e9, sera totalement ferm\u00e9 d\u2019ici quelques ann\u00e9es&nbsp;;<\/li>\n\n\n\n<li>la couverture \u00e0 100% du territoire en lignes en fibre optique n\u2019est pas, pour face \u00e0 l\u2019obsolescence avanc\u00e9e des lignes fixes en cuivre, planifi\u00e9e&nbsp;;<\/li>\n\n\n\n<li>&nbsp;la t\u00e9l\u00e9phonie mobile ne fait pas, contrairement au t\u00e9l\u00e9phone filaire sur paire de cuivre, l\u2019objet d\u2019une obligation de service universel&nbsp;;<\/li>\n\n\n\n<li>&nbsp;la 5G, qui permet des transports de d\u00e9bit 10 fois sup\u00e9rieurs \u00e0 ceux de la 4G, est avant tout un avantage technique pour les zones denses&nbsp;;<\/li>\n\n\n\n<li>des techniques hertziennes alternatives d\u2019acc\u00e8s fixes en zone rurales (les BLR, boucles locales radio) vont \u00eatre d\u00e9sactiv\u00e9es pour lib\u00e9rer, au profit de la 5G, des fr\u00e9quences&nbsp;;<\/li>\n\n\n\n<li>rien n\u2019est dit par l\u2019\u00c9tat et les op\u00e9rateurs sur la permanence des communications mobiles des g\u00e9n\u00e9rations pr\u00e9c\u00e9dentes 3G ou 4G.<\/li>\n<\/ul>\n\n\n\n<h2 class=\"wp-block-heading\">3)&nbsp;&nbsp;&nbsp;&nbsp;&nbsp;Comment est organis\u00e9e la permanence de la fourniture d\u2019\u00e9lectricit\u00e9&nbsp;?<\/h2>\n\n\n\n<p>Comment est organis\u00e9e la continuit\u00e9 du service de base du t\u00e9l\u00e9phone en cas de coupure du r\u00e9seau \u00e9lectrique, notamment chez l\u2019abonn\u00e9&nbsp;? La fin du r\u00e9seau t\u00e9l\u00e9phonique commut\u00e9 signifie la fin de la derni\u00e8re solution de t\u00e9l\u00e9phone \u00e9lectriquement autoaliment\u00e9e. Quelles solutions collectives ou individuelles d\u2019alimentation de secours sont d\u00e9velopp\u00e9es pour assurer la permanence de liaisons t\u00e9l\u00e9phoniques en cas de panne du r\u00e9seau \u00e9lectrique&nbsp;?<\/p>\n\n\n\n<p>Relevons que cette question sur la t\u00e9l\u00e9phonie vocale se pose aussi pour l\u2019ensemble des usages de la 5G qui va engendrer, avec le d\u00e9veloppement des machines et objets connect\u00e9s, une forte dispersion spatiale des besoins d\u2019\u00e9lectricit\u00e9.<\/p>\n\n\n\n<h2 class=\"wp-block-heading\">4)&nbsp;&nbsp;&nbsp;&nbsp;&nbsp;Comment est pris en charge le changement des terminaux ?<\/h2>\n\n\n\n<p>Comment sont coordonn\u00e9es les migrations respectives du parc des terminaux, des stations de base et des couvertures associ\u00e9es, notamment pour que soit assur\u00e9e la permanence des services vitaux comme la simple t\u00e9l\u00e9phonie mobile ? Faudra-t-il syst\u00e9matiquement que l\u2019utilisateur r\u00e9investisse et se r\u00e9approprie un nouveau t\u00e9l\u00e9phone compatible 3G, 4G et 5G pour jongler avec les zones de couverture de chaque g\u00e9n\u00e9ration, zones qui vont \u00eatre en red\u00e9finition constante ? Cette question se pose d\u2019autant plus que pendant de tr\u00e8s nombreuses ann\u00e9es la 5G sera marginale en zone rurale.<\/p>\n\n\n\n<p>Ce sujet de la migration des terminaux est \u00e0 int\u00e9grer dans la d\u00e9finition des nouvelles missions de service dont les territoires ruraux doivent faire l\u2019objet.<\/p>\n\n\n\n<p>Rappelons que lors d\u2019un saut technologique en \u00e9lectricit\u00e9 (Cf. le passage du 110 volts au 220 volts) la gestion de la migration des terminaux a \u00e9t\u00e9 express\u00e9ment prise en compte dans la mission de service public.<\/p>\n\n\n\n<h2 class=\"wp-block-heading\">5)&nbsp;&nbsp;&nbsp;&nbsp;&nbsp;Quelles sont les mesures sp\u00e9cifiques techniques et financi\u00e8res indispensables au d\u00e9veloppement de la 5G en zone rurale&nbsp;?<\/h2>\n\n\n\n<p>Alors que les zones rurales ne seront pas commercialement et financi\u00e8rement int\u00e9ressantes pour les op\u00e9rateurs de 5G, deux questions centrales&nbsp;se posent :<\/p>\n\n\n\n<ul class=\"wp-block-list\">\n<li>comment rendre obligatoire en zone rurale la mutualisation syst\u00e9matique des antennes, solution simple et radicale en r\u00e9seaux mobiles pour faire des \u00e9conomies d\u2019investissement, et comment d\u00e9cider en dynamique quels seront les territoires d\u2019application de cette obligation&nbsp;?<\/li>\n\n\n\n<li>comment r\u00e9affecter \u00e0 la couverture 5G des zones rurales le produit financier que l\u2019\u00c9tat va obtenir de la vente aux ench\u00e8res des fr\u00e9quences 5G, \u00e0 l\u2019image des 6,5 milliard d\u2019euros r\u00e9colt\u00e9s en Allemagne&nbsp;?<\/li>\n<\/ul>\n\n\n\n<h2 class=\"wp-block-heading\">6)&nbsp;&nbsp;&nbsp;&nbsp;&nbsp;Comment s\u2019assurer que les v\u00e9hicules (voitures, camions, machines agricoles) de plus en plus connect\u00e9s pourront normalement circuler en zone blanche 5G&nbsp;?<\/h2>\n\n\n\n<p>Comment assurer la coh\u00e9rence entre d\u2019une part l\u2019automatisation croissante des v\u00e9hicules engendr\u00e9e par des solutions connect\u00e9es fond\u00e9es sur la 5G et d\u2019autre part l\u2019\u00e9nigme de la couverture 5G en zone rurale&nbsp;? Dit autrement, comment s\u2019assurer que les v\u00e9hicules pourront toujours circuler, au fil de leur \u00e9volution, en toute s\u00e9curit\u00e9 jusque dans les zones rurales.<\/p>\n\n\n\n<p>Cette question ne rel\u00e8ve pas de la science-fiction. Depuis avril 2018,&nbsp;tous les nouveaux v\u00e9hicules en Europe sont \u00e9quip\u00e9s du syst\u00e8me d\u2019appel d\u2019urgence automatique eCall. Chaque v\u00e9hicule est \u00e9quip\u00e9 d\u2019une carte SIM et est g\u00e9olocalis\u00e9 via une balise GPS. Le syst\u00e8me g\u00e9n\u00e8re un SMS au 112, soit automatiquement en cas de choc brutal avec d\u00e9clenchement des airbags ou de retournement du v\u00e9hicule soit manuellement via un bouton rouge \u00ab&nbsp;SOS&nbsp;\u00bb. D\u00e8s r\u00e9ception, un op\u00e9rateur rappelle le v\u00e9hicule, analyse les donn\u00e9es transmises, voire la non r\u00e9ponse du conducteur, et d\u00e9clenche le cas \u00e9ch\u00e9ant les services de secours les plus proches.&nbsp;<\/p>\n\n\n\n<p>L\u2019eCall ne marche \u00e9videmment pas en zone blanche, l\u00e0 o\u00f9 le r\u00e9seau de t\u00e9l\u00e9phonie mobile, qui supporte les SMS, ne marche pas. Les zones rurales connaissent d\u00e9j\u00e0 une discrimination en mati\u00e8re de s\u00e9curit\u00e9 automobile, et ce alors m\u00eame que les r\u00e9seaux routiers secondaires ruraux sont particuli\u00e8rement accidentog\u00e8nes et que les possibilit\u00e9s d\u2019alerte par d\u2019autres automobilistes y sont r\u00e9duites.<\/p>\n\n\n\n<h2 class=\"wp-block-heading\">7)&nbsp;&nbsp;&nbsp;&nbsp;&nbsp;Comment sera interdit l\u2019usage en France des \u00e9quipements d\u2019infractructure d\u2019origine chinoise (Huawey, ZTE)&nbsp;dans les r\u00e9seaux 5G?<\/h2>\n\n\n\n<p>Orange vient enfin de d\u00e9clarer, dans un communiqu\u00e9 de presse du 31 janvier 2020, qu\u2019il fera appel pour son r\u00e9seau 5G de France m\u00e9tropolitaine aux \u00e9quipementiers europ\u00e9ens ERICSSON et NOKIA. Ces \u00e9quipementiers p\u00e8sent 50% du march\u00e9 mondial de la 5G. Mais comment cette bonne intention en p\u00e9riode de n\u00e9gociation pour les licences 5G en France peut-elle \u00eatre garantie puisqu\u2019Orange utilise d\u00e9j\u00e0 Huawey en Roumanie&nbsp;?<\/p>\n\n\n\n<p>Comment cette interdiction sera-t-elle impos\u00e9e \u00e0 tous les op\u00e9rateurs qui construiront un r\u00e9seau mobile 5G en France&nbsp;?<\/p>\n\n\n\n<p>Cet imp\u00e9ratif de s\u00e9curisation de la souverainet\u00e9 territoriale s\u2019impose d\u2019autant plus vis-\u00e0-vis de la Chine&nbsp;que&nbsp;:<\/p>\n\n\n\n<ul class=\"wp-block-list\">\n<li>les \u00e9quipementiers chinois sont attractifs par une pratique de prix bas ;<\/li>\n\n\n\n<li>ces \u00e9quipementiers sont actifs sur la sc\u00e8ne internationale, avec une pr\u00e9sence forte dans les organismes internationaux de d\u00e9finition de la 5G comme \u00e0 l\u2019Union Internationale des T\u00e9l\u00e9communications \u00e0 Gen\u00e8ve (ONU) dirig\u00e9e par un Chinois, avec des politiques all\u00e9chantes de financement et de coop\u00e9ration, avec un repli sur l\u2019Europe et l\u2019Afrique apr\u00e8s la fermeture des march\u00e9s des USA, du Japon et de l\u2019Australie et avec des soup\u00e7ons d\u2019espionnage en Pologne&nbsp;;<\/li>\n\n\n\n<li>ils s\u2019appuient en 5G sur un march\u00e9 int\u00e9rieur colossale, de 200.000 milliards de dollars d\u2019ici 2025 et de 300.000 stations de base install\u00e9es en 2020&nbsp;;<\/li>\n\n\n\n<li>les \u00e9quipements d\u2019Huawey font l\u2019objet de critiques en mati\u00e8re de fiabilit\u00e9 de fonctionnement et pr\u00e9sentent de nombreuses vuln\u00e9rabilit\u00e9s aux plans de la confidentialit\u00e9 des contenus, de la cybers\u00e9curit\u00e9 et de la possibilit\u00e9 d\u2019intrusion.<\/li>\n<\/ul>\n\n\n\n<h2 class=\"wp-block-heading\">8)&nbsp;&nbsp;&nbsp;&nbsp;&nbsp;Y a-t-il un plan d\u2019exp\u00e9rimentation de la 5G en zone rurale?<\/h2>\n\n\n\n<p>Les exp\u00e9rimentations de la 5G en France concernent essentiellement la faisabilit\u00e9 technique et le design de services automatis\u00e9s en zones urbaine et industrielle. Qui se soucie du fonctionnement, des usages et de la pr\u00e9vention des risques&nbsp;en zone rurale&nbsp;?<\/p>\n\n\n\n<h2 class=\"wp-block-heading\">9)&nbsp;&nbsp;&nbsp;&nbsp;&nbsp;Comment int\u00e9grer les collectivit\u00e9s territoriales dans la planification des couvertures des services 5G?<\/h2>\n\n\n\n<p>Cette question concerne l\u2019implication essentielle des collectivit\u00e9s territoriales qui ne sont, \u00e0 ce jour, que des acteurs d\u2019appoint de l\u2019implantation des r\u00e9seaux mobiles et qui sont exclues de la n\u00e9gociation des licences 5G.<\/p>\n\n\n\n<p>Cette implication forte est d\u2019autant plus n\u00e9cessaire que pendant de nombreuses ann\u00e9es des arbitrages seront \u00e0 faire sur les zones prioritaires \u00e0 couvrir et que la multiplication des param\u00e8tres de d\u00e9finition des zones de diffusion des antennes va complexifier la prise en compte des besoins locaux de couverture.<\/p>\n\n\n\n<p>En alertant sur les dangers potentiels de la 5G, il n\u2019est pas question de d\u00e9rouler un discours technophobe. L\u2019objectif est d\u2019engager au plus t\u00f4t de nouvelles bonnes pratiques collectives entre tous les acteurs de la communaut\u00e9 nationale (\u00c9tat, collectivit\u00e9s territoriales, utilisateurs, op\u00e9rateurs) afin que cette nouvelle communication&nbsp;mobile se mette au service de l\u2019homme et ses territoires et non l\u2019inverse.<\/p>\n\n\n\n<p>L\u2019homme est technophile. L\u2019\u00e9volution mat\u00e9rielle est dans ses g\u00e8nes et dans son fonctionnement intellectuel&nbsp;; elle r\u00e9pond \u00e0 la satisfaction de ses instincts, de son besoin de survie et de domination de ses environnements hostiles, comme la nature, les autres esp\u00e8ces vivantes voire ses cong\u00e9n\u00e8res humains. L\u2019\u00e9lectricit\u00e9 est un progr\u00e8s pour l\u2019homme, comme le sont les communications num\u00e9riques longue distance et asynchrones avec internet. De m\u00eame, le r\u00e9alisme commande qu\u2019il n\u2019y a pas un monde sans armes, en particulier de d\u00e9fense et de s\u00e9curit\u00e9.<\/p>\n\n\n\n<p>Les approches technophiles sont des pr\u00e9occupations ancestrales de l\u2019homme. Une belle illustration de cette aptitude de l\u2019homme est sa ma\u00eetrise du feu. Le corps et les apports de la technique sont des moteurs essentiels et indissociables du fonctionnement de l\u2019homme. Pour un essayiste m\u00e9connu, Jean Fran\u00e7ois BILLETER, l\u2019ouverture \u00e0 la technique est pour l\u2019homme&nbsp;<em>\u00ab&nbsp;un besoin essentiel en m\u00eame temps qu\u2019un d\u00e9sir d\u2019aller vers plus de perfection, d\u2019action et donc de libert\u00e9&nbsp;\u00bb.<\/em><\/p>\n\n\n\n<p>&nbsp;Le passage \u00e0 la 5G est une migration de g\u00e9n\u00e9ration de technologie mobile qui doit permettre de faire mieux et non pas de faire pire.<\/p>\n\n\n\n<p><em>Nota&nbsp;: des descriptions techniques sur la 5G sont accessibles sur le site de l\u2019ANFR, Agence Nationale des Fr\u00e9quences Radio\u00e9lectriques (Cf.&nbsp;<\/em><a href=\"https:\/\/www.anfr.fr\/fileadmin\/mediatheque\/documents\/expace\/CND\/Rapport-ANFR-presentation-generale-5G.pdf\"><em>https:\/\/www.anfr.fr\/fileadmin\/mediatheque\/documents\/expace\/CND\/Rapport-ANFR-presentation-generale-5G.pdf<\/em><\/a><em>&nbsp;).<\/em><\/p>\n","protected":false},"excerpt":{"rendered":"<p>Dans mon article pr\u00e9c\u00e9dent, j\u2019alertais sur les multiples changements que la 5G exige en mati\u00e8re d\u2019am\u00e9nagement du territoire, de pilotage des couvertures g\u00e9ographiques et de maintien en France de missions de service public dont les zones rurales ont besoin. Alors que le r\u00e9gulateur, l\u2019ARCEP, vient de lancer aupr\u00e8s des op\u00e9rateurs son appel \u00e0 candidatures pour &hellip; <a href=\"https:\/\/jacherenumerique.com\/index.php\/2020\/03\/02\/article-18-la-5g-une-bombe-a-fragmentations\/\" class=\"more-link\">Continuer la lecture de <span class=\"screen-reader-text\">ARTICLE 18 : La 5G\u00a0: une bombe \u00e0 fragmentations<\/span><\/a><\/p>\n","protected":false},"author":1,"featured_media":0,"comment_status":"closed","ping_status":"closed","sticky":false,"template":"","format":"standard","meta":{"footnotes":""},"categories":[1],"tags":[],"class_list":["post-95","post","type-post","status-publish","format-standard","hentry","category-non-classe"],"_links":{"self":[{"href":"https:\/\/jacherenumerique.com\/index.php\/wp-json\/wp\/v2\/posts\/95","targetHints":{"allow":["GET"]}}],"collection":[{"href":"https:\/\/jacherenumerique.com\/index.php\/wp-json\/wp\/v2\/posts"}],"about":[{"href":"https:\/\/jacherenumerique.com\/index.php\/wp-json\/wp\/v2\/types\/post"}],"author":[{"embeddable":true,"href":"https:\/\/jacherenumerique.com\/index.php\/wp-json\/wp\/v2\/users\/1"}],"replies":[{"embeddable":true,"href":"https:\/\/jacherenumerique.com\/index.php\/wp-json\/wp\/v2\/comments?post=95"}],"version-history":[{"count":1,"href":"https:\/\/jacherenumerique.com\/index.php\/wp-json\/wp\/v2\/posts\/95\/revisions"}],"predecessor-version":[{"id":96,"href":"https:\/\/jacherenumerique.com\/index.php\/wp-json\/wp\/v2\/posts\/95\/revisions\/96"}],"wp:attachment":[{"href":"https:\/\/jacherenumerique.com\/index.php\/wp-json\/wp\/v2\/media?parent=95"}],"wp:term":[{"taxonomy":"category","embeddable":true,"href":"https:\/\/jacherenumerique.com\/index.php\/wp-json\/wp\/v2\/categories?post=95"},{"taxonomy":"post_tag","embeddable":true,"href":"https:\/\/jacherenumerique.com\/index.php\/wp-json\/wp\/v2\/tags?post=95"}],"curies":[{"name":"wp","href":"https:\/\/api.w.org\/{rel}","templated":true}]}}